{"id":225,"date":"2019-10-27T16:07:31","date_gmt":"2019-10-27T16:07:31","guid":{"rendered":"http:\/\/kulturgemeinde-eidengesaess.de\/?p=225"},"modified":"2019-10-27T16:07:31","modified_gmt":"2019-10-27T16:07:31","slug":"liederabend-in-udenhain","status":"publish","type":"post","link":"https:\/\/kulturgemeinde-eidengesaess.de\/?p=225","title":{"rendered":"Liederabend in Udenhain"},"content":{"rendered":"\n<figure class=\"wp-block-image\"><img loading=\"lazy\" decoding=\"async\" width=\"1024\" height=\"497\" src=\"https:\/\/kulturgemeinde-eidengesaess.de\/wp-content\/uploads\/2019\/10\/IMG-20191027-WA0000-1024x497.jpg\" alt=\"\" class=\"wp-image-226\" srcset=\"https:\/\/kulturgemeinde-eidengesaess.de\/wp-content\/uploads\/2019\/10\/IMG-20191027-WA0000-1024x497.jpg 1024w, https:\/\/kulturgemeinde-eidengesaess.de\/wp-content\/uploads\/2019\/10\/IMG-20191027-WA0000-300x146.jpg 300w, https:\/\/kulturgemeinde-eidengesaess.de\/wp-content\/uploads\/2019\/10\/IMG-20191027-WA0000-768x373.jpg 768w, https:\/\/kulturgemeinde-eidengesaess.de\/wp-content\/uploads\/2019\/10\/IMG-20191027-WA0000.jpg 1600w\" sizes=\"auto, (max-width: 1024px) 100vw, 1024px\" \/><figcaption>Am Samstag den 27.10. nahmen wir am Liederabend in Udenhain teil. Gemeinsam mit S\u00e4ngerinnen und S\u00e4ngern von &#8222;Ton Art&#8220; Gondsroth haben wir uns hier mit vier Liedern gut pr\u00e4sentieren k\u00f6nnen.<\/figcaption><\/figure>\n","protected":false},"excerpt":{"rendered":"","protected":false},"author":1,"featured_media":0,"comment_status":"closed","ping_status":"closed","sticky":false,"template":"","format":"standard","meta":{"footnotes":""},"categories":[1],"tags":[],"class_list":{"0":"entry","1":"post","2":"publish","3":"author-61354978","4":"post-225","6":"format-standard","7":"category-uncategorized"},"_links":{"self":[{"href":"https:\/\/kulturgemeinde-eidengesaess.de\/index.php?rest_route=\/wp\/v2\/posts\/225","targetHints":{"allow":["GET"]}}],"collection":[{"href":"https:\/\/kulturgemeinde-eidengesaess.de\/index.php?rest_route=\/wp\/v2\/posts"}],"about":[{"href":"https:\/\/kulturgemeinde-eidengesaess.de\/index.php?rest_route=\/wp\/v2\/types\/post"}],"author":[{"embeddable":true,"href":"https:\/\/kulturgemeinde-eidengesaess.de\/index.php?rest_route=\/wp\/v2\/users\/1"}],"replies":[{"embeddable":true,"href":"https:\/\/kulturgemeinde-eidengesaess.de\/index.php?rest_route=%2Fwp%2Fv2%2Fcomments&post=225"}],"version-history":[{"count":2,"href":"https:\/\/kulturgemeinde-eidengesaess.de\/index.php?rest_route=\/wp\/v2\/posts\/225\/revisions"}],"predecessor-version":[{"id":228,"href":"https:\/\/kulturgemeinde-eidengesaess.de\/index.php?rest_route=\/wp\/v2\/posts\/225\/revisions\/228"}],"wp:attachment":[{"href":"https:\/\/kulturgemeinde-eidengesaess.de\/index.php?rest_route=%2Fwp%2Fv2%2Fmedia&parent=225"}],"wp:term":[{"taxonomy":"category","embeddable":true,"href":"https:\/\/kulturgemeinde-eidengesaess.de\/index.php?rest_route=%2Fwp%2Fv2%2Fcategories&post=225"},{"taxonomy":"post_tag","embeddable":true,"href":"https:\/\/kulturgemeinde-eidengesaess.de\/index.php?rest_route=%2Fwp%2Fv2%2Ftags&post=225"}],"curies":[{"name":"wp","href":"https:\/\/api.w.org\/{rel}","templated":true}]}}