{"id":309,"date":"2024-12-30T06:51:08","date_gmt":"2024-12-30T06:51:08","guid":{"rendered":"https:\/\/kulturgemeinde-eidengesaess.de\/?p=309"},"modified":"2024-12-30T06:51:08","modified_gmt":"2024-12-30T06:51:08","slug":"jahreshauptversammlung-2025","status":"publish","type":"post","link":"https:\/\/kulturgemeinde-eidengesaess.de\/?p=309","title":{"rendered":"Jahreshauptversammlung 2025"},"content":{"rendered":"\n<h1 class=\"wp-block-heading\"><\/h1>\n\n\n\n<p id=\"block-bf622b40-2b4b-499c-87bf-9cf956e11a60\">Die Kulturgemeinde Eidenges\u00e4\u00df l\u00e4dt alle Mitglieder f\u00fcr Freitag, 10. Januar, um 19.30 Uhr in das Foyer des B\u00fcrgersaals \u201eZum Dorfkrug\u201c zur Jahreshauptversammlung ein. Neben den Vorstandswahlen werden die Planungen f\u00fcr dieses Jahr vorgestellt und mit den S\u00e4ngern besprochen. <\/p>\n\n\n\n<p id=\"block-ddedb3de-b9ae-4645-a8ec-72e54ded6895\"><strong>Tagesordnung<\/strong><\/p>\n\n\n\n<ol id=\"block-cb2c404e-f53a-4d98-bfb6-f0fb4b6c0c91\" class=\"wp-block-list\">\n<li>Begr\u00fc\u00dfung<\/li>\n\n\n\n<li>Feststellung der Tagesordnung<\/li>\n\n\n\n<li>Bericht des 1. Vorsitzenden<\/li>\n\n\n\n<li>Bericht des Kassierers<\/li>\n\n\n\n<li>Bericht der Kassenpr\u00fcfer<\/li>\n\n\n\n<li>Aussprache \u00fcber Berichte<\/li>\n\n\n\n<li>Wahl des Versammlungsleiters<\/li>\n\n\n\n<li>Entlastung des Vorstandes<\/li>\n\n\n\n<li>Wahl des 1. Vorsitzenden<\/li>\n\n\n\n<li>Wahl des 2. Vorsitzenden<\/li>\n\n\n\n<li>Wahl des 1. Kassierers<\/li>\n\n\n\n<li>Wahl des 2. Kassierers<\/li>\n\n\n\n<li>Wahl des 1. Schriftf\u00fchrers<\/li>\n\n\n\n<li>Wahl des 2. Schriftf\u00fchrers<\/li>\n\n\n\n<li>Wahl der Kassenpr\u00fcfer<\/li>\n\n\n\n<li>Jahresplanung 2025<\/li>\n\n\n\n<li>Verschiedenes<\/li>\n<\/ol>\n","protected":false},"excerpt":{"rendered":"<p>Die Kulturgemeinde Eidenges\u00e4\u00df l\u00e4dt alle Mitglieder f\u00fcr Freitag, 10. Januar, um 19.30 Uhr in das Foyer des B\u00fcrgersaals \u201eZum Dorfkrug\u201c zur Jahreshauptversammlung ein. Neben den Vorstandswahlen werden die Planungen f\u00fcr dieses Jahr vorgestellt und mit den S\u00e4ngern besprochen. Tagesordnung<\/p>\n","protected":false},"author":1,"featured_media":0,"comment_status":"closed","ping_status":"closed","sticky":false,"template":"","format":"standard","meta":{"footnotes":""},"categories":[1],"tags":[],"class_list":{"0":"entry","1":"post","2":"publish","3":"author-61354978","4":"post-309","6":"format-standard","7":"category-uncategorized"},"_links":{"self":[{"href":"https:\/\/kulturgemeinde-eidengesaess.de\/index.php?rest_route=\/wp\/v2\/posts\/309","targetHints":{"allow":["GET"]}}],"collection":[{"href":"https:\/\/kulturgemeinde-eidengesaess.de\/index.php?rest_route=\/wp\/v2\/posts"}],"about":[{"href":"https:\/\/kulturgemeinde-eidengesaess.de\/index.php?rest_route=\/wp\/v2\/types\/post"}],"author":[{"embeddable":true,"href":"https:\/\/kulturgemeinde-eidengesaess.de\/index.php?rest_route=\/wp\/v2\/users\/1"}],"replies":[{"embeddable":true,"href":"https:\/\/kulturgemeinde-eidengesaess.de\/index.php?rest_route=%2Fwp%2Fv2%2Fcomments&post=309"}],"version-history":[{"count":1,"href":"https:\/\/kulturgemeinde-eidengesaess.de\/index.php?rest_route=\/wp\/v2\/posts\/309\/revisions"}],"predecessor-version":[{"id":310,"href":"https:\/\/kulturgemeinde-eidengesaess.de\/index.php?rest_route=\/wp\/v2\/posts\/309\/revisions\/310"}],"wp:attachment":[{"href":"https:\/\/kulturgemeinde-eidengesaess.de\/index.php?rest_route=%2Fwp%2Fv2%2Fmedia&parent=309"}],"wp:term":[{"taxonomy":"category","embeddable":true,"href":"https:\/\/kulturgemeinde-eidengesaess.de\/index.php?rest_route=%2Fwp%2Fv2%2Fcategories&post=309"},{"taxonomy":"post_tag","embeddable":true,"href":"https:\/\/kulturgemeinde-eidengesaess.de\/index.php?rest_route=%2Fwp%2Fv2%2Ftags&post=309"}],"curies":[{"name":"wp","href":"https:\/\/api.w.org\/{rel}","templated":true}]}}